{"id":734,"date":"2020-07-16T20:32:24","date_gmt":"2020-07-16T17:32:24","guid":{"rendered":"http:\/\/teeksu.ayy.fi\/wordpress\/?p=734"},"modified":"2020-07-16T20:32:24","modified_gmt":"2020-07-16T17:32:24","slug":"teeksu-o-studiossa","status":"publish","type":"post","link":"http:\/\/www.teeksu.fi\/index.php\/2020\/07\/16\/teeksu-o-studiossa\/","title":{"rendered":"Teeksu O-Studiossa"},"content":{"rendered":"\n<figure class=\"wp-block-image size-large is-resized\"><img loading=\"lazy\" decoding=\"async\" src=\"https:\/\/teeksu.ayy.fi\/wordpress\/wp-content\/uploads\/2020\/07\/image-1016x1024.png\" alt=\"\" class=\"wp-image-736\" width=\"508\" height=\"512\" srcset=\"http:\/\/www.teeksu.fi\/wp-content\/uploads\/2020\/07\/image-1016x1024.png 1016w, http:\/\/www.teeksu.fi\/wp-content\/uploads\/2020\/07\/image-298x300.png 298w, http:\/\/www.teeksu.fi\/wp-content\/uploads\/2020\/07\/image-150x150.png 150w, http:\/\/www.teeksu.fi\/wp-content\/uploads\/2020\/07\/image-768x774.png 768w, http:\/\/www.teeksu.fi\/wp-content\/uploads\/2020\/07\/image.png 1197w\" sizes=\"auto, (max-width: 508px) 100vw, 508px\" \/><\/figure>\n\n\n\n<p>Iskuryhm\u00e4 teekkarisuunnistajia k\u00e4vi haastateltavana O-Studio podcastissa. Jakso on julkaistu ja siihen p\u00e4\u00e4see k\u00e4siksi muun muassa Soundcloudissa (alla). Etenkin kes\u00e4n mittaan opiskelupaikan saaneille juttu avannee hyvin toiminnan luonnetta, tervetuloa syksyn toimintaan (Kes\u00e4p\u00e4ivillekin saa ilmoittautua ja tulla mukaan)! Kaikki ei-opiskeleva kansa on ehdottoman tervetullut syksyn suurempiin tapahtumiin, kuten ainakin Polisprintiin (15.9.) ja kenties sis\u00e4suunnistamaan&#8230;<\/p>\n\n\n\n<figure class=\"wp-block-embed-soundcloud wp-block-embed is-type-rich is-provider-soundcloud wp-embed-aspect-4-3 wp-has-aspect-ratio\"><div class=\"wp-block-embed__wrapper\">\nhttps:\/\/soundcloud.com\/user-122779993\/o-studio-jakso-12-saunasta-suunnistamaan-teeksu-ja-opiskelijasuunnistus\n<\/div><\/figure>\n","protected":false},"excerpt":{"rendered":"<p>Iskuryhm\u00e4 teekkarisuunnistajia k\u00e4vi haastateltavana O-Studio podcastissa. Jakso on julkaistu ja siihen p\u00e4\u00e4see k\u00e4siksi muun muassa Soundcloudissa (alla). Etenkin kes\u00e4n mittaan opiskelupaikan saaneille juttu avannee hyvin toiminnan luonnetta, tervetuloa syksyn toimintaan (Kes\u00e4p\u00e4ivillekin saa ilmoittautua ja tulla mukaan)! Kaikki ei-opiskeleva kansa on ehdottoman tervetullut syksyn suurempiin tapahtumiin, kuten ainakin Polisprintiin (15.9.) ja kenties sis\u00e4suunnistamaan&#8230;<\/p>\n","protected":false},"author":6,"featured_media":0,"comment_status":"closed","ping_status":"open","sticky":false,"template":"","format":"standard","meta":{"footnotes":""},"categories":[2],"tags":[],"class_list":["post-734","post","type-post","status-publish","format-standard","hentry","category-yleinen"],"_links":{"self":[{"href":"http:\/\/www.teeksu.fi\/index.php\/wp-json\/wp\/v2\/posts\/734","targetHints":{"allow":["GET"]}}],"collection":[{"href":"http:\/\/www.teeksu.fi\/index.php\/wp-json\/wp\/v2\/posts"}],"about":[{"href":"http:\/\/www.teeksu.fi\/index.php\/wp-json\/wp\/v2\/types\/post"}],"author":[{"embeddable":true,"href":"http:\/\/www.teeksu.fi\/index.php\/wp-json\/wp\/v2\/users\/6"}],"replies":[{"embeddable":true,"href":"http:\/\/www.teeksu.fi\/index.php\/wp-json\/wp\/v2\/comments?post=734"}],"version-history":[{"count":0,"href":"http:\/\/www.teeksu.fi\/index.php\/wp-json\/wp\/v2\/posts\/734\/revisions"}],"wp:attachment":[{"href":"http:\/\/www.teeksu.fi\/index.php\/wp-json\/wp\/v2\/media?parent=734"}],"wp:term":[{"taxonomy":"category","embeddable":true,"href":"http:\/\/www.teeksu.fi\/index.php\/wp-json\/wp\/v2\/categories?post=734"},{"taxonomy":"post_tag","embeddable":true,"href":"http:\/\/www.teeksu.fi\/index.php\/wp-json\/wp\/v2\/tags?post=734"}],"curies":[{"name":"wp","href":"https:\/\/api.w.org\/{rel}","templated":true}]}}